{"id":6446,"date":"2024-06-14T08:55:52","date_gmt":"2024-06-14T08:55:52","guid":{"rendered":"https:\/\/dioezesanmuseum-rottenburg.de\/?p=6446"},"modified":"2024-06-20T14:20:02","modified_gmt":"2024-06-20T14:20:02","slug":"kloester-erleben-in-aufklaerung-saekularisation-und-moderne","status":"publish","type":"post","link":"https:\/\/dioezesanmuseum-rottenburg.de\/en\/kloester-erleben-in-aufklaerung-saekularisation-und-moderne\/","title":{"rendered":"Kl\u00f6ster (er)leben in Aufkl\u00e4rung, S\u00e4kularisation und Moderne"},"content":{"rendered":"<div id=\"GroupWiseSection_1716981717000_NNiester@bo.drs.de_4AE6D9E0037500008A626F7839373331_\" class=\"GroupWiseMessageBody\">\n<div>\n<p>Zum Auftakt der <strong>Erlebniswoche KLOST<em>ER<\/em>LEBEN<\/strong> laden wir Sie herzlich zum <strong>Er\u00f6ffnungsvortrag von Prof. Dr. Andreas Holzem<\/strong> (Katholisch-Theologische Fakult\u00e4t der Universit\u00e4t T\u00fcbingen) <strong>am Sonntag, 16. Juni um 15 Uhr<\/strong> ein. Der Professor f\u00fcr Kirchengeschichte bietet einen historischen R\u00fcckblick zum Selbstverst\u00e4ndnis und zur \u00f6ffentlichen Wahrnehmung von Kl\u00f6stern in der turbulenten Zeit zwischen <strong>Aufkl\u00e4rung, S\u00e4kularisation und Moderne. <\/strong><\/p>\n<p>Die Aufkl\u00e4rung ist f\u00fcr die gro\u00dfen Pr\u00e4latenkl\u00f6ster des deutschen S\u00fcdwestens einerseits eine gute Zeit: Engagiert wenden sie sich den neuen Leitwissenschaften zu und leisten Enormes f\u00fcr das h\u00f6here Bildungswesen wie f\u00fcr die Volksschule. Andererseits ist die Aufkl\u00e4rung f\u00fcr Kl\u00f6ster eine miserable Zeit: Gezielte \u00f6ffentliche Herabw\u00fcrdigung macht das Leben der Ordensleute l\u00e4cherlich und bereitet die S\u00e4kularisation von 1803\/06 ideologisch vor. Im 19.\u00a0Jahrhundert, als der Ultramontanismus \u201aKulturk\u00e4mpfe\u2018 ausl\u00f6st, wird um die Kl\u00f6ster mit aller Sch\u00e4rfe gerungen: f\u00fcr die einen ein Hort des \u00ad\u201eJesuitismus\u201c, f\u00fcr die anderen eine neue Form f\u00fcr Bildung und soziales Engagement. Erst in der Zeit der Weimarer Republik verliert sich das Ideologische; <strong>Kl\u00f6ster werden zu Zentren eines intellektuellen Katholizismus<\/strong> und <strong>Sehnsuchtsorten<\/strong> abseits der K\u00e4mpfe um das demokratische Deutschland.<\/p>\n<p><strong>Referent:<\/strong> Prof. Dr. Andreas Holzem (Professor f\u00fcr Mittlere und Neuere Kirchengeschichte an der Katholisch-Theologischen Fakult\u00e4t der Eberhard Karls Universit\u00e4t T\u00fcbingen)<\/p>\n<p>&nbsp;<\/p>\n<p>&nbsp;<\/p>\n<\/div>\n<\/div>\n<table class=\"bgcolor1\" border=\"0\" width=\"100%\" cellspacing=\"0\" cellpadding=\"0\" bgcolor=\"#f1f5f7\">\n<tbody>\n<tr>\n<td align=\"center\" valign=\"top\">\n<table class=\"cr-mainwidth\" border=\"0\" width=\"100%\" cellspacing=\"0\" cellpadding=\"0\">\n<tbody>\n<tr>\n<td class=\"bgcolor2\" align=\"center\" valign=\"top\">\n<table border=\"0\" width=\"100%\" cellspacing=\"0\" cellpadding=\"0\">\n<tbody>\n<tr>\n<td class=\"cr-container editable\" align=\"center\" valign=\"top\" data-name=\"Container\" data-style=\"background-color:inherit;\">\n<table class=\"cr-maxwidth editable\" style=\"height: 5px;\" border=\"0\" width=\"811\" cellspacing=\"0\" cellpadding=\"0\" data-name=\"Inner container\" data-style=\"background-color:inherit;border:inherit;\">\n<tbody>\n<tr>\n<td class=\"cr-text\" align=\"left\" valign=\"top\"><\/td>\n<\/tr>\n<\/tbody>\n<\/table>\n<\/td>\n<\/tr>\n<\/tbody>\n<\/table>\n<\/td>\n<\/tr>\n<\/tbody>\n<\/table>\n<\/td>\n<\/tr>\n<\/tbody>\n<\/table>\n<p>&nbsp;<\/p>\n","protected":false},"excerpt":{"rendered":"<p>Vortrag von Prof. Dr. Andreas Holzem am 16.06.2024, um 15 Uhr<\/p>\n","protected":false},"author":20,"featured_media":6453,"comment_status":"closed","ping_status":"closed","sticky":false,"template":"","format":"standard","meta":{"_acf_changed":false,"footnotes":""},"categories":[70,55],"tags":[],"class_list":["post-6446","post","type-post","status-publish","format-standard","has-post-thumbnail","hentry","category-aktuell","category-dioezesanmuseum"],"acf":[],"_links":{"self":[{"href":"https:\/\/dioezesanmuseum-rottenburg.de\/en\/wp-json\/wp\/v2\/posts\/6446","targetHints":{"allow":["GET"]}}],"collection":[{"href":"https:\/\/dioezesanmuseum-rottenburg.de\/en\/wp-json\/wp\/v2\/posts"}],"about":[{"href":"https:\/\/dioezesanmuseum-rottenburg.de\/en\/wp-json\/wp\/v2\/types\/post"}],"author":[{"embeddable":true,"href":"https:\/\/dioezesanmuseum-rottenburg.de\/en\/wp-json\/wp\/v2\/users\/20"}],"replies":[{"embeddable":true,"href":"https:\/\/dioezesanmuseum-rottenburg.de\/en\/wp-json\/wp\/v2\/comments?post=6446"}],"version-history":[{"count":0,"href":"https:\/\/dioezesanmuseum-rottenburg.de\/en\/wp-json\/wp\/v2\/posts\/6446\/revisions"}],"wp:featuredmedia":[{"embeddable":true,"href":"https:\/\/dioezesanmuseum-rottenburg.de\/en\/wp-json\/wp\/v2\/media\/6453"}],"wp:attachment":[{"href":"https:\/\/dioezesanmuseum-rottenburg.de\/en\/wp-json\/wp\/v2\/media?parent=6446"}],"wp:term":[{"taxonomy":"category","embeddable":true,"href":"https:\/\/dioezesanmuseum-rottenburg.de\/en\/wp-json\/wp\/v2\/categories?post=6446"},{"taxonomy":"post_tag","embeddable":true,"href":"https:\/\/dioezesanmuseum-rottenburg.de\/en\/wp-json\/wp\/v2\/tags?post=6446"}],"curies":[{"name":"wp","href":"https:\/\/api.w.org\/{rel}","templated":true}]}}